{"id":9375,"date":"2024-11-05T10:17:04","date_gmt":"2024-11-05T10:17:04","guid":{"rendered":"https:\/\/www.marinogroup.eu\/?p=9375"},"modified":"2024-11-05T10:20:13","modified_gmt":"2024-11-05T10:20:13","slug":"novembre-un-tripudio-di-sapori-autunnali","status":"publish","type":"post","link":"https:\/\/www.marinogroup.eu\/index.php\/2024\/11\/05\/novembre-un-tripudio-di-sapori-autunnali\/","title":{"rendered":"Novembre: Un Tripudio di Sapori Autunnali"},"content":{"rendered":"<p>Novembre \u00e8 un mese che incanta con i suoi colori caldi e i suoi sapori avvolgenti. La natura ci offre un&#8217;abbondanza di prodotti freschi e genuini, perfetti per riscaldare le giornate pi\u00f9 fredde. Scopriamo insieme quali sono i cibi tipici di questo mese e come gustarli al meglio!<\/p>\n<h3>Frutta di Stagione<\/h3>\n<ul>\n<li><strong>Mele:<\/strong> Croccanti e succose, le mele sono un classico dell&#8217;autunno. Perfette da gustare al naturale, nelle torte o nelle composte.\n<div>\n<div>\n<div><a href=\"https:\/\/ciboserio.it\/consigli-di-spesa-le-mele-di-stagione-dal-piccolo-produttore\/\" target=\"_blank\" rel=\"noopener\" aria-live=\"polite\" data-saferedirecturl=\"https:\/\/www.google.com\/url?q=https:\/\/ciboserio.it\/consigli-di-spesa-le-mele-di-stagione-dal-piccolo-produttore\/&amp;source=gmail&amp;ust=1730887254668000&amp;usg=AOvVaw3K-tYnrjcFz2VdkoasyNTb\"><img decoding=\"async\" class=\"lazyload CToWUd\" src=\"data:image\/gif;base64,R0lGODlhAQABAAAAACH5BAEKAAEALAAAAAABAAEAAAICTAEAOw==\" data-orig-src=\"https:\/\/ci3.googleusercontent.com\/meips\/ADKq_NbbOpdAFOiD6Xv_hOC8sibDyNA31F5fB54nRMXtyr3et1GSNUXHr_keVUBxzZnqJhzo5-nXkvUE1INlS0iEhQoIeI974geYwD-kBt_yl6-QH6RqE7RHM-13lNjRPFx3bEu5w3Fgj6jo32gp7hlBH8uh2d-7dzURbadXPiik8EYemBiqkk3aX6NYRQ=s0-d-e1-ft#https:\/\/encrypted-tbn0.gstatic.com\/images?q=tbn:ANd9GcSeLPXjSGS0hE9LWIvtiAou-7Yz9ylNC_6bewvfuVPmtcIg93mZiNaVCftg3n0g\" alt=\"Immagine di Mele di stagione\" data-bit=\"iit\" \/><\/a><\/div>\n<div aria-hidden=\"true\"><\/div>\n<\/div>\n<\/div>\n<p>&nbsp;<\/li>\n<li><strong>Pere:<\/strong> Dolci e profumate, le pere sono ideali per preparare marmellate, crostate e dessert.\n<div>\n<div>\n<div><a href=\"https:\/\/www.operalapera.it\/news\/quando-maturano-le-pere-il-calendario-con-le-varieta-italiane-di-stagione\/\" target=\"_blank\" rel=\"noopener\" aria-live=\"polite\" data-saferedirecturl=\"https:\/\/www.google.com\/url?q=https:\/\/www.operalapera.it\/news\/quando-maturano-le-pere-il-calendario-con-le-varieta-italiane-di-stagione\/&amp;source=gmail&amp;ust=1730887254668000&amp;usg=AOvVaw1nQbX8vh9viM2CMs9VoGqb\"><img decoding=\"async\" class=\"lazyload CToWUd\" src=\"data:image\/gif;base64,R0lGODlhAQABAAAAACH5BAEKAAEALAAAAAABAAEAAAICTAEAOw==\" data-orig-src=\"https:\/\/ci3.googleusercontent.com\/meips\/ADKq_NbH1QFqUzVGdPD166Qs5ariDRUxjqSTc_r1Ib4nzXgqL6w08eJ3QldAg-TaGH9sdDOgRsS5rVdHeLIdysl7qz0Wv0joGGLRChJbDYC6olkawO0AASAzu60LvbotJC1uISR8pm0KkRIukwANO5ORoEgwXji7H0ZMHD-YUnClN6DXO6y6Gsv-0cHngg=s0-d-e1-ft#https:\/\/encrypted-tbn1.gstatic.com\/images?q=tbn:ANd9GcQ0SaRGt_R3S41ymgeCclOeScUSUt0w20QFTt_bmXDyIKiUVY2dOzX0-4j0mmp5\" alt=\"Immagine di Pere di stagione\" data-bit=\"iit\" \/><\/a><\/div>\n<\/div>\n<\/div>\n<p>&nbsp;<\/li>\n<li><strong>Uva:<\/strong> L&#8217;uva, in tutte le sue variet\u00e0, \u00e8 un frutto ricco di propriet\u00e0 benefiche. Perfetta da mangiare fresca o da utilizzare per preparare succhi e macedonie.\n<div>\n<div>\n<div><a href=\"https:\/\/www.uvadatavola.com\/stagione-uva\/\" target=\"_blank\" rel=\"noopener\" aria-live=\"polite\" data-saferedirecturl=\"https:\/\/www.google.com\/url?q=https:\/\/www.uvadatavola.com\/stagione-uva\/&amp;source=gmail&amp;ust=1730887254668000&amp;usg=AOvVaw1A_aJokJ8KjsQxyO7C36sM\"><img decoding=\"async\" class=\"lazyload CToWUd\" src=\"data:image\/gif;base64,R0lGODlhAQABAAAAACH5BAEKAAEALAAAAAABAAEAAAICTAEAOw==\" data-orig-src=\"https:\/\/ci3.googleusercontent.com\/meips\/ADKq_NaH1VA0HaAj1xNEa4wfM5panbY9KX35HivSG_CR41U59oUYsmlJIqaHUk8xzJYnocYgi_0t77c9ndi4S1Dd4nupyh7ugtjylTtUM5w0Q2etGOcgQnYI8DP5sBHPJk3paRqw9FqV5EEyxBjieAi5fExvseB4Enbm_u8E1_9-ROQnceu-AmsWHObD2g=s0-d-e1-ft#https:\/\/encrypted-tbn3.gstatic.com\/images?q=tbn:ANd9GcRqfc2Wb24klzWDP-_oJxNBDSAGfWC4ZJJLUAnrVBoYEGvHhbpbl99JpzLvz5HZ\" alt=\"Immagine di Uva di stagione\" data-bit=\"iit\" \/><\/a><\/div>\n<div aria-hidden=\"true\"><\/div>\n<\/div>\n<\/div>\n<p>&nbsp;<\/li>\n<li><strong>Cachi:<\/strong> Dolci e vellutati, i cachi sono un frutto autunnale per eccellenza. Si possono gustare al naturale o aggiunti a yogurt e macedonie.\n<div>\n<div>\n<div><a href=\"https:\/\/timermagazine.press\/2022\/10\/13\/frutti-di-stagione-cachi-la-mela-doriente-che-fa-bene\/\" target=\"_blank\" rel=\"noopener\" aria-live=\"polite\" data-saferedirecturl=\"https:\/\/www.google.com\/url?q=https:\/\/timermagazine.press\/2022\/10\/13\/frutti-di-stagione-cachi-la-mela-doriente-che-fa-bene\/&amp;source=gmail&amp;ust=1730887254668000&amp;usg=AOvVaw1RptopoTxifyEXaJ4hoswt\"><img decoding=\"async\" class=\"lazyload CToWUd\" src=\"data:image\/gif;base64,R0lGODlhAQABAAAAACH5BAEKAAEALAAAAAABAAEAAAICTAEAOw==\" data-orig-src=\"https:\/\/ci3.googleusercontent.com\/meips\/ADKq_NYFu1HkJ3mLapxYO6oOfHC8esRW0kONwJHAXhUR2X7yEa8f4rV31VLeBmTNwkf2q0seZtybzVwqkOeghUn5ddgUy_zlEayLNoYvE7OyJv_hR6BN-gaVOIYmmLvEEGVYxaJK5uFmETDIAkmg0-zBU2JJt--bE2DmebTwEepTdXdJuvWZZfFQnQyJ1w=s0-d-e1-ft#https:\/\/encrypted-tbn1.gstatic.com\/images?q=tbn:ANd9GcQl8g3QW5Iz-Nb07fte_XpI-cGs8o3uvW771UR0x7yeKejMhXOYY6HZTehQiB6S\" alt=\"Immagine di Cachi di stagione\" data-bit=\"iit\" \/><\/a><\/div>\n<div aria-hidden=\"true\"><\/div>\n<\/div>\n<\/div>\n<p>&nbsp;<\/li>\n<li><strong>Castagne:<\/strong> Le castagne arrostite sono un piacere irrinunciabile dell&#8217;autunno. Si possono utilizzare anche per preparare la crema di castagne, la farina di castagne e dolci.\n<div>\n<div>\n<div><a href=\"https:\/\/www.entemutuomilano.it\/a-tu-per-tu-con-la-frutta-di-stagione-le-castagne\/\" target=\"_blank\" rel=\"noopener\" aria-live=\"polite\" data-saferedirecturl=\"https:\/\/www.google.com\/url?q=https:\/\/www.entemutuomilano.it\/a-tu-per-tu-con-la-frutta-di-stagione-le-castagne\/&amp;source=gmail&amp;ust=1730887254668000&amp;usg=AOvVaw2PWJDcIfEZ0LvNoCxSF_IQ\"><img decoding=\"async\" class=\"lazyload CToWUd\" src=\"data:image\/gif;base64,R0lGODlhAQABAAAAACH5BAEKAAEALAAAAAABAAEAAAICTAEAOw==\" data-orig-src=\"https:\/\/ci3.googleusercontent.com\/meips\/ADKq_NZmFcvdLafk1oYPOTrwn55yrbn9cD4eCds3JS4IwuK0ZJ-f3701QerMGrTA97jTF9GSwB3wRdT3t44QP2YZlMn9anR_EqkkA1dE2ojUZ1QcZyV43ea_NLyHZfNerraJLSgKApKdaKQVT-3w6SqDkg_UY3vsaiIdto5fL39ga8udAJbQApcYh1wStg=s0-d-e1-ft#https:\/\/encrypted-tbn2.gstatic.com\/images?q=tbn:ANd9GcTOHR6bIbLL77bOKei1VzJaj3Sw4k0KvLwn69F7x5jeCWdiCO--dM3lS2pJVGy8\" alt=\"Immagine di Castagne di stagione\" data-bit=\"iit\" \/><\/a><\/div>\n<\/div>\n<\/div>\n<p>&nbsp;<\/li>\n<\/ul>\n<h3>Verdura di Stagione<\/h3>\n<ul>\n<li><strong>Zucca:<\/strong> La zucca \u00e8 la regina dell&#8217;autunno. Si presta a infinite preparazioni: zuppe, risotti, torte e biscotti.\n<div>\n<div>\n<div><a href=\"https:\/\/www.sipo.it\/ottobre-mese-delle-zucche\/\" target=\"_blank\" rel=\"noopener\" aria-live=\"polite\" data-saferedirecturl=\"https:\/\/www.google.com\/url?q=https:\/\/www.sipo.it\/ottobre-mese-delle-zucche\/&amp;source=gmail&amp;ust=1730887254668000&amp;usg=AOvVaw0X4AUeVaPa8Qvv2hEILvpC\"><img decoding=\"async\" class=\"lazyload CToWUd\" src=\"data:image\/gif;base64,R0lGODlhAQABAAAAACH5BAEKAAEALAAAAAABAAEAAAICTAEAOw==\" data-orig-src=\"https:\/\/ci3.googleusercontent.com\/meips\/ADKq_Nblf_XwrbS8pWzuXodtmG2-BwCSxjvmdlL702Y0WNxKoiZgrYelrVXBLlDY6Eo4_tINW0WdrX9E9bb8pQl6NYOkyK6MdNtU-mBuXb_W5kZitvu-kGVzA02-ycFRRV8tmEDv69J8tz4jM_CkMTd9Aylp5OhcUOtxXKnOyfydsMhgxX881FA5Hk6iLQ=s0-d-e1-ft#https:\/\/encrypted-tbn3.gstatic.com\/images?q=tbn:ANd9GcSSprCso32RJobEzlOJ8aFM04eWVIukdHF7Kkv0ix1xOmc6QhsiHfQuDSGTKmN2\" alt=\"Immagine di Zucca di stagione\" data-bit=\"iit\" \/><\/a><\/div>\n<\/div>\n<\/div>\n<p>&nbsp;<\/li>\n<li><strong>Cavoli:<\/strong> Cavolfiori, broccoli, cavolini di Bruxelles e cavolo nero sono ricchi di vitamine e minerali. Perfetti per zuppe, contorni e gratin.\n<div>\n<div>\n<div><a href=\"https:\/\/www.cure-naturali.it\/articoli\/alimentazione\/nutrizione\/verdure-dicembre.html\" target=\"_blank\" rel=\"noopener\" aria-live=\"polite\" data-saferedirecturl=\"https:\/\/www.google.com\/url?q=https:\/\/www.cure-naturali.it\/articoli\/alimentazione\/nutrizione\/verdure-dicembre.html&amp;source=gmail&amp;ust=1730887254668000&amp;usg=AOvVaw0THcI646JrmzHB5DuLdp45\"><img decoding=\"async\" class=\"lazyload CToWUd\" src=\"data:image\/gif;base64,R0lGODlhAQABAAAAACH5BAEKAAEALAAAAAABAAEAAAICTAEAOw==\" data-orig-src=\"https:\/\/ci3.googleusercontent.com\/meips\/ADKq_NZXah7gb-xyKvyNZJqJrnc35Rpp2cHjedxeqh759xYafo2Uyjt1nPR17Fx4aXWenixq_zFFn8pd9RXYEH9UYCWugMHkB_Ieq18kTqq2kNHa1K4oAfuB3pp66HMZ8iSjeQRR2erzn-yqKR97Pl3YUzQ766h1i5TAvwcxzvqSJiYiFwigAhlP33oj-g=s0-d-e1-ft#https:\/\/encrypted-tbn1.gstatic.com\/images?q=tbn:ANd9GcQ7Q8pfCnbou2WpPQZzYa3-ziC9Q8KgCltETo5BZVoljHpE5xLHfjHyWaT0SucN\" alt=\"Immagine di Cavoli di stagione\" data-bit=\"iit\" \/><\/a><\/div>\n<\/div>\n<\/div>\n<p>&nbsp;<\/li>\n<li><strong>Carote:<\/strong> Le carote sono un alimento versatile e nutriente. Si possono consumare crude, cotte al vapore o aggiunte a zuppe e minestre.\n<div>\n<div>\n<div><a href=\"https:\/\/www.selenella.it\/il-blog-di-selenella\/prodotti\/alimenti-stagione\/\" target=\"_blank\" rel=\"noopener\" aria-live=\"polite\" data-saferedirecturl=\"https:\/\/www.google.com\/url?q=https:\/\/www.selenella.it\/il-blog-di-selenella\/prodotti\/alimenti-stagione\/&amp;source=gmail&amp;ust=1730887254668000&amp;usg=AOvVaw3j2qOcR0JyP8pU-mWnLJJt\"><img decoding=\"async\" class=\"lazyload CToWUd\" src=\"data:image\/gif;base64,R0lGODlhAQABAAAAACH5BAEKAAEALAAAAAABAAEAAAICTAEAOw==\" data-orig-src=\"https:\/\/ci3.googleusercontent.com\/meips\/ADKq_Na7G5imIg7yiNfyL08VeF2hhJuISNiG8LVwHkin5mzAbgP1Q6EMgraAYozaqxHKnHiinZrWP640kuIEC5W54lmNalydu0OAUy7WwrKMNExeq6ANO18T1x5khT-GiM4spuZr_7hqZT3NHyTZV5RRR8liFb5PzXnrAgDNGDQsgmxvNJHh32yefoK7CA=s0-d-e1-ft#https:\/\/encrypted-tbn1.gstatic.com\/images?q=tbn:ANd9GcQzk77IEN56s6I-CQhZG5FNSlg_3z9CKh3pbXuAVwb-JmEApMvwevpYEAgFUVxC\" alt=\"Immagine di Carote di stagione\" data-bit=\"iit\" \/><\/a><\/div>\n<\/div>\n<\/div>\n<p>&nbsp;<\/li>\n<li><strong>Barbabietole:<\/strong> Le barbabietole sono ricche di antiossidanti e hanno propriet\u00e0 depurative. Si possono consumare sia cotte che crude, in insalata o nei contorni.\n<div>\n<div>\n<div><a href=\"https:\/\/www.gemuese.ch\/it\/varieta-di-verdure\/barbabietola\" target=\"_blank\" rel=\"noopener\" aria-live=\"polite\" data-saferedirecturl=\"https:\/\/www.google.com\/url?q=https:\/\/www.gemuese.ch\/it\/varieta-di-verdure\/barbabietola&amp;source=gmail&amp;ust=1730887254669000&amp;usg=AOvVaw2eEi7W-_-i2PGMd3tQ2cv5\"><img decoding=\"async\" class=\"lazyload CToWUd\" src=\"data:image\/gif;base64,R0lGODlhAQABAAAAACH5BAEKAAEALAAAAAABAAEAAAICTAEAOw==\" data-orig-src=\"https:\/\/ci3.googleusercontent.com\/meips\/ADKq_NZXdlqTXruKITCdHPjyx9k58dRTzWJvHGFTXXGE2HBB36XAiUJajj5X8a3dASV1NjpbebWbtQAEBnREItf58wDjM6s6xEiZ_6qn7l9GaXktSNa1JL2ZKXQwSg0O7nyY2l2V_p-lzUL288n9bGJVlFsrBpJ4jUnHIHGNBMKNiaT2_szU1P5ExD2ENg=s0-d-e1-ft#https:\/\/encrypted-tbn3.gstatic.com\/images?q=tbn:ANd9GcTIulTKFCL_eS-lcVv9oZCHm84qVXkRxuhlUcWNzZmyiZHbigWbpcFg53KtiSTl\" alt=\"Immagine di Barbabietole di stagione\" data-bit=\"iit\" \/><\/a><\/div>\n<\/div>\n<\/div>\n<p>&nbsp;<\/li>\n<li><strong>Porri:<\/strong> I porri sono un ingrediente fondamentale per molte ricette autunnali, dalle zuppe ai risotti.\n<div>\n<div>\n<div><a href=\"https:\/\/www.stagioninelpiatto.com\/ingredienti\/porri\/\" target=\"_blank\" rel=\"noopener\" aria-live=\"polite\" data-saferedirecturl=\"https:\/\/www.google.com\/url?q=https:\/\/www.stagioninelpiatto.com\/ingredienti\/porri\/&amp;source=gmail&amp;ust=1730887254669000&amp;usg=AOvVaw1HUoV0S8JeWs_ONi6X_oms\"><img decoding=\"async\" class=\"lazyload CToWUd\" src=\"data:image\/gif;base64,R0lGODlhAQABAAAAACH5BAEKAAEALAAAAAABAAEAAAICTAEAOw==\" data-orig-src=\"https:\/\/ci3.googleusercontent.com\/meips\/ADKq_Na4eIbflYWQZIs_9p1baSjRMjQyZYoXCpMZm3RpmPMRrtDp0r4Kj0kG4bCXyedg5Fu5YXLYStqxuOSrSbTFhppBkhppew_qRnTR_ytjXqV2fm3yCnKEOFU083frLOvTUK_l7Pz_HJtvXaFFjnV7BlrqFRZV6r1V7cuaYcJ7MTT0qs0lGBVFb1v_xQ=s0-d-e1-ft#https:\/\/encrypted-tbn2.gstatic.com\/images?q=tbn:ANd9GcRCANlJMlZRO6qrAzgm9UYJogNJOLVam1tas4Z3bFDF5wdBuQyBIj-Ybiw2k_9Z\" alt=\"Immagine di Porri di stagione\" data-bit=\"iit\" \/><\/a><\/div>\n<\/div>\n<\/div>\n<p>&nbsp;<\/li>\n<\/ul>\n<h3>Ricette Autunnali<\/h3>\n<ul>\n<li><strong>Zuppa di zucca:<\/strong> Un classico confort food, perfetto per riscaldare le giornate fredde.<\/li>\n<li><strong>Risotto ai funghi porcini:<\/strong> Un piatto ricco e gustoso, ideale per le occasioni speciali.<\/li>\n<li><strong>Polenta concia:<\/strong> Un piatto povero ma ricco di sapore, perfetto per una cena in famiglia.<\/li>\n<li><strong>Torta di mele:<\/strong> Un dolce tradizionale, sempre apprezzato da grandi e piccini.<\/li>\n<li><strong>Castagnaccio:<\/strong> Un dolce tipico toscano, a base di farina di castagne e pinoli.<\/li>\n<\/ul>\n<p><strong>Troverai tutti questi prodotti e tanti altri ancora, all&#8217;interno dei nostri negozi,<\/strong><\/p>\n<p><strong>Non esitare a chiedere!<\/strong><\/p>\n<p><strong>Marino Antonio<\/strong><\/p>\n","protected":false},"excerpt":{"rendered":"<p>Novembre \u00e8 un mese che incanta con i suoi colori caldi e i suoi sapori avvolgenti. La natura ci offre un&#8217;abbondanza di  [&#8230;]<\/p>\n","protected":false},"author":2,"featured_media":9381,"comment_status":"open","ping_status":"open","sticky":false,"template":"","format":"standard","meta":{"footnotes":""},"categories":[165],"tags":[],"class_list":["post-9375","post","type-post","status-publish","format-standard","has-post-thumbnail","hentry","category-ricette"],"_links":{"self":[{"href":"https:\/\/www.marinogroup.eu\/index.php\/wp-json\/wp\/v2\/posts\/9375","targetHints":{"allow":["GET"]}}],"collection":[{"href":"https:\/\/www.marinogroup.eu\/index.php\/wp-json\/wp\/v2\/posts"}],"about":[{"href":"https:\/\/www.marinogroup.eu\/index.php\/wp-json\/wp\/v2\/types\/post"}],"author":[{"embeddable":true,"href":"https:\/\/www.marinogroup.eu\/index.php\/wp-json\/wp\/v2\/users\/2"}],"replies":[{"embeddable":true,"href":"https:\/\/www.marinogroup.eu\/index.php\/wp-json\/wp\/v2\/comments?post=9375"}],"version-history":[{"count":1,"href":"https:\/\/www.marinogroup.eu\/index.php\/wp-json\/wp\/v2\/posts\/9375\/revisions"}],"predecessor-version":[{"id":9377,"href":"https:\/\/www.marinogroup.eu\/index.php\/wp-json\/wp\/v2\/posts\/9375\/revisions\/9377"}],"wp:featuredmedia":[{"embeddable":true,"href":"https:\/\/www.marinogroup.eu\/index.php\/wp-json\/wp\/v2\/media\/9381"}],"wp:attachment":[{"href":"https:\/\/www.marinogroup.eu\/index.php\/wp-json\/wp\/v2\/media?parent=9375"}],"wp:term":[{"taxonomy":"category","embeddable":true,"href":"https:\/\/www.marinogroup.eu\/index.php\/wp-json\/wp\/v2\/categories?post=9375"},{"taxonomy":"post_tag","embeddable":true,"href":"https:\/\/www.marinogroup.eu\/index.php\/wp-json\/wp\/v2\/tags?post=9375"}],"curies":[{"name":"wp","href":"https:\/\/api.w.org\/{rel}","templated":true}]}}